{"id":855,"date":"2012-08-13T16:37:44","date_gmt":"2012-08-13T14:37:44","guid":{"rendered":"https:\/\/helimanie.de\/?p=855"},"modified":"2012-08-15T14:05:08","modified_gmt":"2012-08-15T12:05:08","slug":"helimanie-on-tour-bladefreunde-sommertreffen-2012-in-koln","status":"publish","type":"post","link":"https:\/\/helimanie.de\/index.php\/archives\/2012\/08\/13\/helimanie-on-tour-bladefreunde-sommertreffen-2012-in-koln\/","title":{"rendered":"Helimanie on Tour: Bladefreunde Sommertreffen 2012 in K\u00f6ln"},"content":{"rendered":"<p><a href=\"https:\/\/helimanie.de\/wp-content\/uploads\/2012\/08\/IMG_9327.jpg\"  class=\"grouped_images\"><img src=\"https:\/\/helimanie.de\/wp-content\/uploads\/2012\/08\/IMG_9327-300x200.jpg\" alt=\"\" title=\"Bladefreunde Sommertreffen 2012\" width=\"150\" class=\"alignleft size-medium wp-image-900\" srcset=\"https:\/\/helimanie.de\/wp-content\/uploads\/2012\/08\/IMG_9327-300x200.jpg 300w, https:\/\/helimanie.de\/wp-content\/uploads\/2012\/08\/IMG_9327-1024x682.jpg 1024w\" sizes=\"(max-width: 300px) 100vw, 300px\" \/><\/a>Nach langer Planung hat am Samstag das erste Sommertreffen der Bladefreunde des rc-heli-Forums stattgefunden. Ein toller Tag mit super netten Leuten, spitzen Wetter, einer tollen Location, vielen sch\u00f6nen Helis, super Fl\u00fcgen und besonderen G\u00e4sten. Aber auch mit Sch\u00e4den.<!--more--><\/p>\n<p>Am Samstagmorgen ging die Reise nach K\u00f6ln los. Das Auto beladen mit 5 Helis machten Gerolf, mein Bruder Bastian und ich uns auf den Weg. Gegen 11:00 Uhr sind wir an der Flugwiese in K\u00f6ln angekommen. Dort wurden wir, im wahrsten Sinne des Wortes, mit offenen Armen empfangen. Die Stimmung war einfach grandios.<\/p>\n<p>Anschlie\u00dfend ging es daran die Helis auszuladen und flugfertig zu machen. Auch ohne gro\u00dfe Absprachen, klappte der Flugbetrieb v\u00f6llig reibungslos. Niemand f\u00fchlte sich benachteiligt und st\u00e4ndig waren Helis in der Luft. In den Flugpausen konnte man mit all den netten Leuten quatschen, die man bisher nur aus dem Forum kannte. Es war einfach toll euch alle mal pers\u00f6nlich kennenzulernen!<\/p>\n<p>Gegen Mittag bekamen wir noch Besuch von zwei besonderen G\u00e4sten: <a href=\"http:\/\/www.twheli.de\" target=\"_blank\">Timo Wendtland<\/a> (Henseleit Team-Pilot) mit Freundin <a href=\"http:\/\/firstlady1985.jimdo.com\" target=\"_blank\">Simone Zunterer<\/a> (Team-Pilotin f\u00fcr Thunder Tiger). Timo zeigte uns dann erst Mal, wie man einen TDR mit Low-RPM so fliegen kann. Mit gerade einmal 800 Umdrehungen flog er Figuren, von denen wir anderen nur tr\u00e4umen k\u00f6nnen. War schon beeindruckend, was alles m\u00f6glich ist und wie er den Heli im Griff hatte. Ein neuer Begriff macht die Runde: No-RPM! \ud83d\ude09<\/p>\n<p>Anschlie\u00dfend stellte dann Simone mit ihren Raptoren unter Beweis, dass Frauen ebenso erfolgreich Kunst- und 3D-Flug betreiben k\u00f6nnen und den M\u00e4nnern in nichts nachstehen. Auch vor ihr mussten wir den Hut ziehen &#8211; klasse!<\/p>\n<div class=\"flagallery phantom_skin\" id=\"FlaGallery_sc1_15\" ><style type=\"text\/css\" class=\"flagallery_skin_style_import\">#FlaGallery_sc1_15 .flagPhantom_ThumbContainer {width:200px; height:180px;}#FlaGallery_sc1_15 .flagPhantom_MobileView .flagPhantom_ThumbContainer {width:150px; height:135px;}#FlaGallery_sc1_15 .flagPhantom_Container {margin-left:auto;margin-right:auto;}#FlaGallery_sc1_15 .flagPhantom_ThumbContainer {margin:8px 0 0 8px;}#FlaGallery_sc1_15 .flagPhantom_ThumbContainer {padding:2px;}#FlaGallery_sc1_15 .flagPhantom_LabelBottom .flagPhantom_ThumbContainer {padding-bottom:36px;}#FlaGallery_sc1_15 .flagPhantom_ThumbContainer,#FlaGallery_sc1_15 .flagPhantom_LabelBottom .flagPhantom_ThumbLabel {background-color:#ffffff;}#FlaGallery_sc1_15 .flagPhantom_ThumbContainer .flagPhantom_Thumb {opacity:0.9;}#FlaGallery_sc1_15 .flagPhantom_ThumbContainer:hover .flagPhantom_Thumb {opacity:1;}#FlaGallery_sc1_15 .flagPhantom_ThumbContainer {border:1px solid #cccccc;}#FlaGallery_sc1_15 .flagPhantom_ThumbContainer {box-shadow:0 0 5px -2px #cccccc;}#FlaGallery_sc1_15 .flagPhantom_ThumbLabel {color:#0b0b0b;}#FlaGallery_sc1_15 .flagPhantom_ThumbLabel a {color:#3695E7;}#FlaGallery_sc1_15 .flagPhantom_LabelInside .flagPhantom_ThumbLabel,#FlaGallery_sc1_15 .flagPhantom_LabelHover .flagPhantom_ThumbLabel {color:#ffffff;}#FlaGallery_sc1_15 .flagPhantom_LabelInside .flagPhantom_ThumbLabel a,#FlaGallery_sc1_15 .flagPhantom_LabelHover .flagPhantom_ThumbLabel a,#FlaGallery_sc1_15 .flagPhantom_LabelInside .flagPhantom_ThumbLabel a:hover,#FlaGallery_sc1_15 .flagPhantom_LabelHover .flagPhantom_ThumbLabel a:hover {color:#e7e179;}<\/style> <div class=\"flagPhantom_Container noLightbox\" style=\"opacity:0\"> <h3>Bladefreunde Sommertreffen 2012 - Timo &amp; Simone<\/h3> <div class=\"flagPhantom_thumbsWrapper flagPhantom_ThumbScale flagPhantom_LabelHover\"> <\/div> <\/div> <script type=\"text\/javascript\"> jQuery(function(){ var settings = {\"maxheight\":\"0\",\"thumbCols\":\"0\",\"thumbRows\":\"0\",\"thumbsNavigation\":\"scroll\",\"bgColor\":\"#ffffff\",\"bgAlpha\":\"0\",\"thumbWidth\":\"200\",\"thumbHeight\":\"180\",\"thumbWidthMobile\":\"150\",\"thumbHeightMobile\":\"135\",\"thumbsSpacing\":\"8\",\"thumbsVerticalPadding\":\"4\",\"thumbsHorizontalPadding\":\"4\",\"thumbsAlign\":\"center\",\"thumbScale\":\"1\",\"thumbBG\":\"#ffffff\",\"thumbAlpha\":\"90\",\"thumbAlphaHover\":\"100\",\"thumbBorderSize\":\"1\",\"thumbBorderColor\":\"#cccccc\",\"thumbPadding\":\"2\",\"thumbsInfo\":\"label\",\"labelOnHover\":\"1\",\"labelTextColor\":\"#ffffff\",\"labelLinkColor\":\"#e7e179\",\"label8TextColor\":\"#0b0b0b\",\"label8LinkColor\":\"#3695E7\",\"tooltipTextColor\":\"#0b0b0b\",\"tooltipBgColor\":\"#ffffff\",\"tooltipStrokeColor\":\"#000000\",\"lightboxControlsColor\":\"#ffffff\",\"lightboxTitleColor\":\"#f3f3f3\",\"lightboxTextColor\":\"#f3f3f3\",\"lightboxBGColor\":\"#0b0b0b\",\"lightboxBGAlpha\":\"80\",\"socialShareEnabled\":\"1\",\"deepLinks\":\"1\",\"sidebarBGColor\":\"#ffffff\",\"lightbox800HideArrows\":\"0\",\"viewsEnabled\":\"1\",\"likesEnabled\":\"1\",\"thumb2link\":\"0\",\"show_title\":\"1\",\"initRPdelay\":\"200\",\"key\":\"\",\"name\":\"\",\"mfp_css\":\"\\r\\n#mfp_gm_sc1_15 .mfp-arrow-right:after,\\r\\n#mfp_gm_sc1_15 .mfp-arrow-right .mfp-a {border-left-color:#ffffff;}\\r\\n#mfp_gm_sc1_15 .mfp-arrow-left:after,\\r\\n#mfp_gm_sc1_15 .mfp-arrow-left .mfp-a {border-right-color:#ffffff;}\\r\\n#mfp_gm_sc1_15 .mfp-close,\\r\\n#mfp_gm_sc1_15 .mfp-likes,\\r\\n#mfp_gm_sc1_15 .mfp-share {color:#ffffff;}\\r\\n#mfp_gm_sc1_15 .mfp-preloader {background-color:#ffffff;}\\r\\n#mfp_gm_sc1_15 .flagPhantom_title,\\r\\n#mfp_gm_sc1_15 .mfp-counter {color:#f3f3f3;}\\r\\n#mfp_gm_sc1_15 .flagPhantom_text {color:#f3f3f3;}\\r\\n#mfp_gm_sc1_15_bg.mfp-bg {background-color:#0b0b0b;}\\r\\n#mfp_gm_sc1_15_bg.mfp-bg {opacity:0.8;}\\r\\n#mfp_gm_sc1_15_bg.mfp-zoom-in.mfp-bg {opacity:0}\\r\\n#mfp_gm_sc1_15_bg.mfp-zoom-in.mfp-ready.mfp-bg {opacity:0.8;}\\r\\n#mfp_gm_sc1_15_bg.mfp-zoom-in.mfp-removing.mfp-bg {opacity:0}\"}; jQuery('#FlaGallery_sc1_15').flagPhantom([settings]); }); <\/script><\/div>\n<p>Am fr\u00fchen Nachmittag stand die Sonne dann so ung\u00fcnstig und brannte derma\u00dfen, dass eine Pause an der Grillstation f\u00e4llig war.<br \/>\nIm Anschluss stand das obligatorische Gruppenfoto aller Helis und Piloten an.<\/p>\n<div class=\"flagallery phantom_skin\" id=\"FlaGallery_sc2_16\" ><style type=\"text\/css\" class=\"flagallery_skin_style_import\">#FlaGallery_sc2_16 .flagPhantom_ThumbContainer {width:200px; height:180px;}#FlaGallery_sc2_16 .flagPhantom_MobileView .flagPhantom_ThumbContainer {width:150px; height:135px;}#FlaGallery_sc2_16 .flagPhantom_Container {margin-left:auto;margin-right:auto;}#FlaGallery_sc2_16 .flagPhantom_ThumbContainer {margin:8px 0 0 8px;}#FlaGallery_sc2_16 .flagPhantom_ThumbContainer {padding:2px;}#FlaGallery_sc2_16 .flagPhantom_LabelBottom .flagPhantom_ThumbContainer {padding-bottom:36px;}#FlaGallery_sc2_16 .flagPhantom_ThumbContainer,#FlaGallery_sc2_16 .flagPhantom_LabelBottom .flagPhantom_ThumbLabel {background-color:#ffffff;}#FlaGallery_sc2_16 .flagPhantom_ThumbContainer .flagPhantom_Thumb {opacity:0.9;}#FlaGallery_sc2_16 .flagPhantom_ThumbContainer:hover .flagPhantom_Thumb {opacity:1;}#FlaGallery_sc2_16 .flagPhantom_ThumbContainer {border:1px solid #cccccc;}#FlaGallery_sc2_16 .flagPhantom_ThumbContainer {box-shadow:0 0 5px -2px #cccccc;}#FlaGallery_sc2_16 .flagPhantom_ThumbLabel {color:#0b0b0b;}#FlaGallery_sc2_16 .flagPhantom_ThumbLabel a {color:#3695E7;}#FlaGallery_sc2_16 .flagPhantom_LabelInside .flagPhantom_ThumbLabel,#FlaGallery_sc2_16 .flagPhantom_LabelHover .flagPhantom_ThumbLabel {color:#ffffff;}#FlaGallery_sc2_16 .flagPhantom_LabelInside .flagPhantom_ThumbLabel a,#FlaGallery_sc2_16 .flagPhantom_LabelHover .flagPhantom_ThumbLabel a,#FlaGallery_sc2_16 .flagPhantom_LabelInside .flagPhantom_ThumbLabel a:hover,#FlaGallery_sc2_16 .flagPhantom_LabelHover .flagPhantom_ThumbLabel a:hover {color:#e7e179;}<\/style> <div class=\"flagPhantom_Container noLightbox\" style=\"opacity:0\"> <h3>Bladefreunde Sommertreffen 2012 - Gruppenfotos<\/h3> <div class=\"flagPhantom_thumbsWrapper flagPhantom_ThumbScale flagPhantom_LabelHover\"> <\/div> <\/div> <script type=\"text\/javascript\"> jQuery(function(){ var settings = {\"maxheight\":\"0\",\"thumbCols\":\"0\",\"thumbRows\":\"0\",\"thumbsNavigation\":\"scroll\",\"bgColor\":\"#ffffff\",\"bgAlpha\":\"0\",\"thumbWidth\":\"200\",\"thumbHeight\":\"180\",\"thumbWidthMobile\":\"150\",\"thumbHeightMobile\":\"135\",\"thumbsSpacing\":\"8\",\"thumbsVerticalPadding\":\"4\",\"thumbsHorizontalPadding\":\"4\",\"thumbsAlign\":\"center\",\"thumbScale\":\"1\",\"thumbBG\":\"#ffffff\",\"thumbAlpha\":\"90\",\"thumbAlphaHover\":\"100\",\"thumbBorderSize\":\"1\",\"thumbBorderColor\":\"#cccccc\",\"thumbPadding\":\"2\",\"thumbsInfo\":\"label\",\"labelOnHover\":\"1\",\"labelTextColor\":\"#ffffff\",\"labelLinkColor\":\"#e7e179\",\"label8TextColor\":\"#0b0b0b\",\"label8LinkColor\":\"#3695E7\",\"tooltipTextColor\":\"#0b0b0b\",\"tooltipBgColor\":\"#ffffff\",\"tooltipStrokeColor\":\"#000000\",\"lightboxControlsColor\":\"#ffffff\",\"lightboxTitleColor\":\"#f3f3f3\",\"lightboxTextColor\":\"#f3f3f3\",\"lightboxBGColor\":\"#0b0b0b\",\"lightboxBGAlpha\":\"80\",\"socialShareEnabled\":\"1\",\"deepLinks\":\"1\",\"sidebarBGColor\":\"#ffffff\",\"lightbox800HideArrows\":\"0\",\"viewsEnabled\":\"1\",\"likesEnabled\":\"1\",\"thumb2link\":\"0\",\"show_title\":\"1\",\"initRPdelay\":\"200\",\"key\":\"\",\"name\":\"\",\"mfp_css\":\"\\r\\n#mfp_gm_sc2_16 .mfp-arrow-right:after,\\r\\n#mfp_gm_sc2_16 .mfp-arrow-right .mfp-a {border-left-color:#ffffff;}\\r\\n#mfp_gm_sc2_16 .mfp-arrow-left:after,\\r\\n#mfp_gm_sc2_16 .mfp-arrow-left .mfp-a {border-right-color:#ffffff;}\\r\\n#mfp_gm_sc2_16 .mfp-close,\\r\\n#mfp_gm_sc2_16 .mfp-likes,\\r\\n#mfp_gm_sc2_16 .mfp-share {color:#ffffff;}\\r\\n#mfp_gm_sc2_16 .mfp-preloader {background-color:#ffffff;}\\r\\n#mfp_gm_sc2_16 .flagPhantom_title,\\r\\n#mfp_gm_sc2_16 .mfp-counter {color:#f3f3f3;}\\r\\n#mfp_gm_sc2_16 .flagPhantom_text {color:#f3f3f3;}\\r\\n#mfp_gm_sc2_16_bg.mfp-bg {background-color:#0b0b0b;}\\r\\n#mfp_gm_sc2_16_bg.mfp-bg {opacity:0.8;}\\r\\n#mfp_gm_sc2_16_bg.mfp-zoom-in.mfp-bg {opacity:0}\\r\\n#mfp_gm_sc2_16_bg.mfp-zoom-in.mfp-ready.mfp-bg {opacity:0.8;}\\r\\n#mfp_gm_sc2_16_bg.mfp-zoom-in.mfp-removing.mfp-bg {opacity:0}\"}; jQuery('#FlaGallery_sc2_16').flagPhantom([settings]); }); <\/script><\/div>\n<p>Am sp\u00e4ten Nachmittag wurde dann wieder vermehrt geflogen. Dabei entstand dann auch mal wieder eine neue Luftaufnahme, die unsere Location von oben zeigt.<\/p>\n<p><span class=\"youtube\"><iframe loading=\"lazy\" title=\"YouTube video player\" class=\"youtube-player\" type=\"text\/html\" width=\"640\" height=\"390\" src=\"\/\/www.youtube.com\/embed\/HKqV5x7z2QU?wmode=transparent&amp;fs=1&amp;hl=en&amp;showsearch=0&amp;rel=1&amp;theme=dark\" frameborder=\"0\" allowfullscreen><\/iframe><\/span><\/p>\n<p>Doch leider blieb dieser Tag nicht ohne Sch\u00e4den. Bei Gerolfs letztem Flug versagte pl\u00f6tzlich beim Aufstieg zum Stall die komplette Elektronik. Die Folge: der Heli fiel, die Nase voran, aus ca. 60m wie ein Stein auf den Acker. Totalschaden und <a title=\"Das Ende eines kurzen Heli-Lebens\u2026 (KDS 550-600)\" href=\"https:\/\/helimanie.de\/index.php\/archives\/2012\/08\/12\/das-ende-eines-kurzen-heli-lebens-kds-550-600\/\">das Ende eines kurzen Heli-Lebens.<\/a><\/p>\n<p>Etwas bedr\u00fcckt haben wir dann unsere Sachen eingepackt und uns f\u00fcr die Heimfahrt vorbereitet. Nach einem letzten Bierchen und Plausch ging es dann gegen 21:00 Uhr Richtung Heimat.<br \/>\nGegen 00:00 Uhr sind wir dann wieder in Bremen angekommen. Ersch\u00f6pft und gl\u00fccklich aber auch gefrustet und etwas deprimiert zur\u00fcck von einem tollen ersten Treffen der Bladefreunde. Die Helimanisten freuen sich schon jetzt aufs n\u00e4chste Jahr und hoffen, dass es nur der Start einer tollen Tradition war.<\/p>\n<p>An dieser Stelle noch Mal einen besonderen Dank an:<\/p>\n<ul>\n<li>Martin f\u00fcr die Organisation der tollen Location und Ausstattung<\/li>\n<li>unseren Grillmeister<\/li>\n<li>Timo und Simone, die sich die Zeit genommen haben<\/li>\n<li>sowie Klaus, der die beiden eingeladen hat.<\/li>\n<\/ul>\n<div class=\"flagallery phantom_skin\" id=\"FlaGallery_sc3_17\" ><style type=\"text\/css\" class=\"flagallery_skin_style_import\">#FlaGallery_sc3_17 .flagPhantom_ThumbContainer {width:200px; height:180px;}#FlaGallery_sc3_17 .flagPhantom_MobileView .flagPhantom_ThumbContainer {width:150px; height:135px;}#FlaGallery_sc3_17 .flagPhantom_Container {margin-left:auto;margin-right:auto;}#FlaGallery_sc3_17 .flagPhantom_ThumbContainer {margin:8px 0 0 8px;}#FlaGallery_sc3_17 .flagPhantom_ThumbContainer {padding:2px;}#FlaGallery_sc3_17 .flagPhantom_LabelBottom .flagPhantom_ThumbContainer {padding-bottom:36px;}#FlaGallery_sc3_17 .flagPhantom_ThumbContainer,#FlaGallery_sc3_17 .flagPhantom_LabelBottom .flagPhantom_ThumbLabel {background-color:#ffffff;}#FlaGallery_sc3_17 .flagPhantom_ThumbContainer .flagPhantom_Thumb {opacity:0.9;}#FlaGallery_sc3_17 .flagPhantom_ThumbContainer:hover .flagPhantom_Thumb {opacity:1;}#FlaGallery_sc3_17 .flagPhantom_ThumbContainer {border:1px solid #cccccc;}#FlaGallery_sc3_17 .flagPhantom_ThumbContainer {box-shadow:0 0 5px -2px #cccccc;}#FlaGallery_sc3_17 .flagPhantom_ThumbLabel {color:#0b0b0b;}#FlaGallery_sc3_17 .flagPhantom_ThumbLabel a {color:#3695E7;}#FlaGallery_sc3_17 .flagPhantom_LabelInside .flagPhantom_ThumbLabel,#FlaGallery_sc3_17 .flagPhantom_LabelHover .flagPhantom_ThumbLabel {color:#ffffff;}#FlaGallery_sc3_17 .flagPhantom_LabelInside .flagPhantom_ThumbLabel a,#FlaGallery_sc3_17 .flagPhantom_LabelHover .flagPhantom_ThumbLabel a,#FlaGallery_sc3_17 .flagPhantom_LabelInside .flagPhantom_ThumbLabel a:hover,#FlaGallery_sc3_17 .flagPhantom_LabelHover .flagPhantom_ThumbLabel a:hover {color:#e7e179;}<\/style> <div class=\"flagPhantom_Container noLightbox\" style=\"opacity:0\"> <h3>Bladefreunde Sommertreffen 2012<\/h3> <div class=\"flagPhantom_thumbsWrapper flagPhantom_ThumbScale flagPhantom_LabelHover\"> <\/div> <\/div> <script type=\"text\/javascript\"> jQuery(function(){ var settings = {\"maxheight\":\"0\",\"thumbCols\":\"0\",\"thumbRows\":\"0\",\"thumbsNavigation\":\"scroll\",\"bgColor\":\"#ffffff\",\"bgAlpha\":\"0\",\"thumbWidth\":\"200\",\"thumbHeight\":\"180\",\"thumbWidthMobile\":\"150\",\"thumbHeightMobile\":\"135\",\"thumbsSpacing\":\"8\",\"thumbsVerticalPadding\":\"4\",\"thumbsHorizontalPadding\":\"4\",\"thumbsAlign\":\"center\",\"thumbScale\":\"1\",\"thumbBG\":\"#ffffff\",\"thumbAlpha\":\"90\",\"thumbAlphaHover\":\"100\",\"thumbBorderSize\":\"1\",\"thumbBorderColor\":\"#cccccc\",\"thumbPadding\":\"2\",\"thumbsInfo\":\"label\",\"labelOnHover\":\"1\",\"labelTextColor\":\"#ffffff\",\"labelLinkColor\":\"#e7e179\",\"label8TextColor\":\"#0b0b0b\",\"label8LinkColor\":\"#3695E7\",\"tooltipTextColor\":\"#0b0b0b\",\"tooltipBgColor\":\"#ffffff\",\"tooltipStrokeColor\":\"#000000\",\"lightboxControlsColor\":\"#ffffff\",\"lightboxTitleColor\":\"#f3f3f3\",\"lightboxTextColor\":\"#f3f3f3\",\"lightboxBGColor\":\"#0b0b0b\",\"lightboxBGAlpha\":\"80\",\"socialShareEnabled\":\"1\",\"deepLinks\":\"1\",\"sidebarBGColor\":\"#ffffff\",\"lightbox800HideArrows\":\"0\",\"viewsEnabled\":\"1\",\"likesEnabled\":\"1\",\"thumb2link\":\"0\",\"show_title\":\"1\",\"initRPdelay\":\"200\",\"key\":\"\",\"name\":\"\",\"mfp_css\":\"\\r\\n#mfp_gm_sc3_17 .mfp-arrow-right:after,\\r\\n#mfp_gm_sc3_17 .mfp-arrow-right .mfp-a {border-left-color:#ffffff;}\\r\\n#mfp_gm_sc3_17 .mfp-arrow-left:after,\\r\\n#mfp_gm_sc3_17 .mfp-arrow-left .mfp-a {border-right-color:#ffffff;}\\r\\n#mfp_gm_sc3_17 .mfp-close,\\r\\n#mfp_gm_sc3_17 .mfp-likes,\\r\\n#mfp_gm_sc3_17 .mfp-share {color:#ffffff;}\\r\\n#mfp_gm_sc3_17 .mfp-preloader {background-color:#ffffff;}\\r\\n#mfp_gm_sc3_17 .flagPhantom_title,\\r\\n#mfp_gm_sc3_17 .mfp-counter {color:#f3f3f3;}\\r\\n#mfp_gm_sc3_17 .flagPhantom_text {color:#f3f3f3;}\\r\\n#mfp_gm_sc3_17_bg.mfp-bg {background-color:#0b0b0b;}\\r\\n#mfp_gm_sc3_17_bg.mfp-bg {opacity:0.8;}\\r\\n#mfp_gm_sc3_17_bg.mfp-zoom-in.mfp-bg {opacity:0}\\r\\n#mfp_gm_sc3_17_bg.mfp-zoom-in.mfp-ready.mfp-bg {opacity:0.8;}\\r\\n#mfp_gm_sc3_17_bg.mfp-zoom-in.mfp-removing.mfp-bg {opacity:0}\"}; jQuery('#FlaGallery_sc3_17').flagPhantom([settings]); }); <\/script><\/div>\n","protected":false},"excerpt":{"rendered":"<p>Nach langer Planung hat am Samstag das erste Sommertreffen der Bladefreunde des rc-heli-Forums stattgefunden. Ein toller Tag mit super netten Leuten, spitzen Wetter, einer tollen Location, vielen sch\u00f6nen Helis, super Fl\u00fcgen und besonderen G\u00e4sten. Aber auch mit Sch\u00e4den.<\/p>\n","protected":false},"author":3,"featured_media":0,"comment_status":"open","ping_status":"open","sticky":false,"template":"","format":"standard","meta":{"ngg_post_thumbnail":0,"_links_to":"","_links_to_target":""},"categories":[9,1,6,12,21],"tags":[],"_links":{"self":[{"href":"https:\/\/helimanie.de\/index.php\/wp-json\/wp\/v2\/posts\/855"}],"collection":[{"href":"https:\/\/helimanie.de\/index.php\/wp-json\/wp\/v2\/posts"}],"about":[{"href":"https:\/\/helimanie.de\/index.php\/wp-json\/wp\/v2\/types\/post"}],"author":[{"embeddable":true,"href":"https:\/\/helimanie.de\/index.php\/wp-json\/wp\/v2\/users\/3"}],"replies":[{"embeddable":true,"href":"https:\/\/helimanie.de\/index.php\/wp-json\/wp\/v2\/comments?post=855"}],"version-history":[{"count":0,"href":"https:\/\/helimanie.de\/index.php\/wp-json\/wp\/v2\/posts\/855\/revisions"}],"wp:attachment":[{"href":"https:\/\/helimanie.de\/index.php\/wp-json\/wp\/v2\/media?parent=855"}],"wp:term":[{"taxonomy":"category","embeddable":true,"href":"https:\/\/helimanie.de\/index.php\/wp-json\/wp\/v2\/categories?post=855"},{"taxonomy":"post_tag","embeddable":true,"href":"https:\/\/helimanie.de\/index.php\/wp-json\/wp\/v2\/tags?post=855"}],"curies":[{"name":"wp","href":"https:\/\/api.w.org\/{rel}","templated":true}]}}